{"id":290,"date":"2021-07-07T14:32:43","date_gmt":"2021-07-07T12:32:43","guid":{"rendered":"https:\/\/candicemedinamaraud.com\/?p=290"},"modified":"2021-07-07T14:32:43","modified_gmt":"2021-07-07T12:32:43","slug":"la-pathologisation-de-la-souffrance","status":"publish","type":"post","link":"https:\/\/candicemedinamaraud.com\/index.php\/2021\/07\/07\/la-pathologisation-de-la-souffrance\/","title":{"rendered":"La pathologisation de la souffrance"},"content":{"rendered":"\n<p>L&rsquo;un des enjeux de la douance, pour ne parler que d&rsquo;elle, est de veiller \u00e0 ne pas pathologiser ses manifestations.<\/p>\n\n\n\n<p>On pourrait dire la m\u00eame chose d&rsquo;un deuil, d&rsquo;un \u00e9pisode d\u00e9pressif, voire m\u00eame parfois d&rsquo;un \u00e9pisode psychotique. Je choisis de parler d&rsquo;\u00e9pisode car il ne va pas du tout de soi que ce que traverse une personne \u00e0 un moment de sa vie soit une maladie, encore moins une fatalit\u00e9.<\/p>\n\n\n\n<!--more-->\n\n\n\n<p>Bien s\u00fbr, il y a une souffrance, parfois extr\u00eamement aigu\u00eb, \u00e0 entendre. C&rsquo;est ind\u00e9niable, mais justement, il s&rsquo;agit de savoir quoi entendre de cette souffrance. En effet, \u00e0 n&rsquo;en regarder que les traits saillants, les manifestations parfois impressionnantes, voire tr\u00e8s inqui\u00e9tantes, on passe \u00e0 c\u00f4t\u00e9 de l&rsquo;essentiel : qu&rsquo;est-ce que cette personne est en train de dire d&rsquo;elle et de ce qu&rsquo;il lui arrive ?<\/p>\n\n\n\n<p class=\"has-text-align-center has-white-color has-text-color has-background\" style=\"background-color:#0ba300\">A se focaliser sur la disparition de ces manifestations, on cherche \u00e0 faire taire ce qui se dit. Or, ce faisant, on peut en arriver \u00e0 plonger et enfermer une personne, enfant, ado ou adulte, dans une pathologie, \u00e0 tort. <\/p>\n\n\n\n<p>Chez les surdou\u00e9.es, les manifestations d&rsquo;une souffrance peuvent \u00eatre tr\u00e8s fortes, tr\u00e8s intenses et faire peur, ce qui va conduire les psys qui n&rsquo;en connaissent pas le fonctionnement, \u00e0 employer le vocabulaire de la pathologie, et \u00e0 venir confirmer le sentiment de folie des personnes surdou\u00e9.es qui souffrent.<\/p>\n\n\n\n<p>On imagine alors ais\u00e9ment les d\u00e9g\u00e2ts, du diagnostic erron\u00e9 \u00e0 la m\u00e9dicamentation jusqu&rsquo;\u00e0 l&rsquo;hospitalisation, alors que tout cela passe \u00e0 c\u00f4t\u00e9 de ce qui se passe profond\u00e9ment pour le\/la surdou\u00e9.e qui vit un moment particuli\u00e8rement douloureux dans sa vie. <\/p>\n\n\n\n<p>Combien de personnes se pensent alors folles, faibles, vuln\u00e9rables, fragiles, incapables de vivre sans anti-d\u00e9presseurs ou anxiolytiques car d\u00e9j\u00e0 que \u00e7a ne va pas mieux, qu&rsquo;est-ce que cela serait en arr\u00eatant un traitement ?! Et pourtant, justement, quelle magnifique r\u00e9sistance du sujet, de la personne qui s&rsquo;\u00e9rige, se dit dans la r\u00e9sistance aux traitements ! Il y aurait tant \u00e0 entendre pour celleux qui savent pr\u00eater l&rsquo;oreille \u00e0 celleux qui ont besoin de se dire, d&rsquo;\u00eatre entendu.es, de trouver un \u00e9cho. On aurait tant \u00e0 gagner \u00e0 ne pas consid\u00e9rer un \u00e9pisode d\u00e9pressif comme une maladie, comme un rhume qui s&rsquo;attrape et disparaitra \u00e0 coups de m\u00e9dicaments, mais comme quelque chose de vital, d&rsquo;urgent qu&rsquo;une personne est en train de dire avec son corps et son psychisme.<\/p>\n\n\n\n<p>Bien s\u00fbr, un traitement m\u00e9dicamenteux peut \u00eatre tr\u00e8s b\u00e9n\u00e9fique \u00e0 certains moments, mais comment ne pas \u00eatre constern\u00e9, choqu\u00e9, que cela s&rsquo;accompagne si peu d&rsquo;un travail de parole ? Evidemment, cela d\u00e9pend aussi de la personne, de ce qu&rsquo;elle a besoin de dire, ou de taire, de ce qu&rsquo;elle va faire de ce qu&rsquo;il lui arrive, et de qui elle va trouver sur son chemin. Et cela aussi c&rsquo;est tr\u00e8s beau. <\/p>\n\n\n\n<p class=\"has-text-align-center has-white-color has-text-color has-background\" style=\"background-color:#0ba300\">La pathologisation de la souffrance peut \u00eatre particuli\u00e8rement n\u00e9faste, notamment chez les personnes qui traversent une p\u00e9riode complexe de la vie : l&rsquo;adolescence, un deuil, une grossesse, une parentalit\u00e9, une maladie, etc. <\/p>\n\n\n\n<p>Encore une fois, cela ne signifie pas qu&rsquo;il n&rsquo;y a pas de souffrance, au contraire, cela signifie qu&rsquo;il y a une souffrance qu&rsquo;il est urgent d&rsquo;entendre, et qu&rsquo;il ne s&rsquo;agit pas de la faire taire, mais qu&rsquo;elle puisse se dire, s&rsquo;\u00e9laborer pour que celui ou celle qui l&rsquo;\u00e9prouve trouve davantage de libert\u00e9.<\/p>\n","protected":false},"excerpt":{"rendered":"<p>L&rsquo;un des enjeux de la douance, pour ne parler que d&rsquo;elle, est de veiller \u00e0 ne pas pathologiser ses manifestations. On pourrait dire la m\u00eame chose d&rsquo;un deuil, d&rsquo;un \u00e9pisode d\u00e9pressif, voire m\u00eame parfois d&rsquo;un \u00e9pisode psychotique. Je choisis de parler d&rsquo;\u00e9pisode car il ne va pas du tout de soi que ce que traverse [&hellip;]<\/p>\n","protected":false},"author":1,"featured_media":0,"comment_status":"closed","ping_status":"open","sticky":false,"template":"","format":"standard","meta":{"footnotes":""},"categories":[4],"tags":[22,23,63,65,48,24,58,62,66,64,12,8,10,14],"class_list":["post-290","post","type-post","status-publish","format-standard","hentry","category-articles","tag-ados","tag-adultes","tag-depression","tag-deuil","tag-douance","tag-enfants","tag-haut-potentiel","tag-hp","tag-parentalite","tag-pathologie","tag-precoce","tag-psychanalyse","tag-surdoue","tag-surdouee"],"_links":{"self":[{"href":"https:\/\/candicemedinamaraud.com\/index.php\/wp-json\/wp\/v2\/posts\/290","targetHints":{"allow":["GET"]}}],"collection":[{"href":"https:\/\/candicemedinamaraud.com\/index.php\/wp-json\/wp\/v2\/posts"}],"about":[{"href":"https:\/\/candicemedinamaraud.com\/index.php\/wp-json\/wp\/v2\/types\/post"}],"author":[{"embeddable":true,"href":"https:\/\/candicemedinamaraud.com\/index.php\/wp-json\/wp\/v2\/users\/1"}],"replies":[{"embeddable":true,"href":"https:\/\/candicemedinamaraud.com\/index.php\/wp-json\/wp\/v2\/comments?post=290"}],"version-history":[{"count":3,"href":"https:\/\/candicemedinamaraud.com\/index.php\/wp-json\/wp\/v2\/posts\/290\/revisions"}],"predecessor-version":[{"id":295,"href":"https:\/\/candicemedinamaraud.com\/index.php\/wp-json\/wp\/v2\/posts\/290\/revisions\/295"}],"wp:attachment":[{"href":"https:\/\/candicemedinamaraud.com\/index.php\/wp-json\/wp\/v2\/media?parent=290"}],"wp:term":[{"taxonomy":"category","embeddable":true,"href":"https:\/\/candicemedinamaraud.com\/index.php\/wp-json\/wp\/v2\/categories?post=290"},{"taxonomy":"post_tag","embeddable":true,"href":"https:\/\/candicemedinamaraud.com\/index.php\/wp-json\/wp\/v2\/tags?post=290"}],"curies":[{"name":"wp","href":"https:\/\/api.w.org\/{rel}","templated":true}]}}